{"id":9115,"date":"2021-03-26T16:29:13","date_gmt":"2021-03-26T15:29:13","guid":{"rendered":"\/samisk-kunstmuseum-er-prioritert-i-stortingsmeldingen-om-museer-2021\/"},"modified":"2021-03-29T10:14:18","modified_gmt":"2021-03-29T08:14:18","slug":"samisk-kunstmuseum-er-prioritert-i-stortingsmeldingen-om-museer-2021","status":"publish","type":"post","link":"\/se\/samisk-kunstmuseum-er-prioritert-i-stortingsmeldingen-om-museer-2021\/","title":{"rendered":"Samisk kunstmuseum er prioritert i stortingsmeldingen om museer 2021"},"content":{"rendered":"<h2>RDM fikk beskjed via venstrepolitiker Trine Noodt<\/h2>\n<p>&nbsp;<\/p>\n<p>I dag kom Trine Noodt (Venstre) til RDM &#8211; De Samiske Samlinger for \u00e5 fortelle til direkt\u00f8ren Anne May Olli om at Samisk kunstmuseum er et prioritert byggeprosjekt\u00a0 i Stortingsmeldingen om museer.<\/p>\n<p>RDM direkt\u00f8r Anne May Olli ble veldig glad for at kulturministeren gjennom denne prioriteringen har &#8220;satt lyset p\u00e5 i andre enden av tunellen&#8221; vedr\u00f8rende byggesaken:<\/p>\n<p>&#8220;Vi har mye arbeid foran oss og det er v\u00e5r viktigste prioritering i tiden som kommer.&#8221; &#8211; sier Anne May. (Se TV O\u0111\u0111asat nedenfor.)<\/p>\n<h2>Kunst er ett av tre viktige satsingsomr\u00e5der<\/h2>\n<p>&nbsp;<\/p>\n<p>\u00abKunst i Nord\u00bb er ett av tre viktige satsningsomr\u00e5der i Stortingsmeldingen om museumspolitikk. Her l\u00f8ftes det n\u00e5 endelig frem at Sametingets kunstsamling som oppbevares p\u00e5 Samisk Kunstmagasin i RDM tilgjengeliggj\u00f8res med en utvidelse av dagens museumsbygg i Karasjok.<\/p>\n<p>&nbsp;<\/p>\n<figure id=\"attachment_9105\" class=\"thumbnail wp-caption alignleft\" style=\"max-width: 325px;\">\n    <img loading=\"lazy\" decoding=\"async\" class=\" wp-image-9105\" src=\"https:\/\/rdm.no\/wp-content\/uploads\/2021\/03\/JP-og-POJ-til-nyhetsmelding-1-300x169.jpg\" alt=\"En mann og en kvinne med malerier\" width=\"325\" height=\"183\" srcset=\"https:\/\/rdm.no\/wp-content\/uploads\/2021\/03\/JP-og-POJ-til-nyhetsmelding-1-300x169.jpg 300w, https:\/\/rdm.no\/wp-content\/uploads\/2021\/03\/JP-og-POJ-til-nyhetsmelding-1-1024x576.jpg 1024w, https:\/\/rdm.no\/wp-content\/uploads\/2021\/03\/JP-og-POJ-til-nyhetsmelding-1-768x432.jpg 768w, https:\/\/rdm.no\/wp-content\/uploads\/2021\/03\/JP-og-POJ-til-nyhetsmelding-1-1536x864.jpg 1536w\" sizes=\"auto, (max-width: 325px) 100vw, 325px\" \/>    <figcaption class=\"caption wp-caption-text\">P\u00e5l Omholt-Jensen og Jelena Porsanger p\u00e5 Kunstmagasinet<\/figcaption>\n<\/figure>\n<p><span style=\"display: inline !important; float: none; background-color: #ffffff; color: #333333; cursor: text; font-family: Georgia,'Times New Roman','Bitstream Charter',Times,serif; font-size: 16px; font-style: normal; font-variant: normal; font-weight: 400; letter-spacing: normal; orphans: 2; text-align: left; text-decoration: none; text-indent: 0px; text-transform: none; -webkit-text-stroke-width: 0px; white-space: normal; word-spacing: 0px;\">Museumsledere Jelena Porsanger og P\u00e5l Omholt-Jensen ved De Samiske Samlinger og Kunstmagasinet fulgte tett med p\u00e5 presentasjonen av Museumsmeldingen gitt av kulturminister Abid Q. Raja. De ble begeistret over slik en gladnyhet.<\/span><\/p>\n<p>&nbsp;<\/p>\n<figure id=\"attachment_9111\" class=\"thumbnail wp-caption alignright\" style=\"max-width: 249px;\">\n    <img loading=\"lazy\" decoding=\"async\" class=\"size-medium wp-image-9111\" src=\"https:\/\/rdm.no\/wp-content\/uploads\/2021\/03\/Johan_Vasara_Nehttii-249x300.jpg\" alt=\"Portrett av en mann i Kautokeino kofte\" width=\"249\" height=\"300\" srcset=\"https:\/\/rdm.no\/wp-content\/uploads\/2021\/03\/Johan_Vasara_Nehttii-249x300.jpg 249w, https:\/\/rdm.no\/wp-content\/uploads\/2021\/03\/Johan_Vasara_Nehttii-850x1024.jpg 850w, https:\/\/rdm.no\/wp-content\/uploads\/2021\/03\/Johan_Vasara_Nehttii-768x926.jpg 768w, https:\/\/rdm.no\/wp-content\/uploads\/2021\/03\/Johan_Vasara_Nehttii.jpg 1057w\" sizes=\"auto, (max-width: 249px) 100vw, 249px\" \/>    <figcaption class=\"caption wp-caption-text\">Johan Vasara styreleder for RDM<\/figcaption>\n<\/figure>\n<p>&nbsp;<\/p>\n<p>&nbsp;<\/p>\n<p>Ogs\u00e5 styrelederen for RiddoDuottarMuseat Johan Vasara er glad:<\/p>\n<p>\u00abJeg \u00f8nsker \u00e5 rose kulturminister Abid Q. Raja for \u00e5 ha lyttet, tatt situasjonen v\u00e5r p\u00e5 alvor og for engasjementet han viser for samisk kultur. Flere ti\u00e5rs arbeid ser endelig ut til \u00e5 gi resultater.\u00bb<\/p>\n<p>&nbsp;<\/p>\n<p>&nbsp;<\/p>\n<p>Arbeidet med Kunstmuseumssaken er et h\u00f8yt prioritert prosjekt i det samiske kunst- og kulturmilj\u00f8 som har p\u00e5g\u00e5tt siden 1980-tallet. Jelena Porsanger sier at tiden g\u00e5r ikke, tiden kommer. N\u00e5 har tiden endelig kommet for at vi kan planlegge en reell utvikling av dagens museum. P\u00e5l ytrer at dette er en skikkelig gladnyhet: den store flotte kunstsamlingen fortjener endelig en egen formidlingsarena med tilh\u00f8rende magasiner som er tilrettelagt kunst. Dette medf\u00f8rer ogs\u00e5 at bygningsmassen ved De Samiske Samlinger renoveres og oppgraderes slik at den kulturhistoriske samlingen f\u00e5r fasiliteter som er forsvarlige som arbeidsrom og oppbevaringsforhold b\u00e5de for samlingen og de ansatte.<\/p>\n<p>Selv n\u00e5, som den gang da i 1997 da utvalgsleder Hans Guttorm m.fl. skrev en av de mange utredninger for nytt samisk kunstmuseum, f\u00f8lger vi opp med at det er sv\u00e6rt f\u00e5 museer som har en kombinasjon av kunst- og kulturhistoriske samlinger. Museumsmeldingens nyheter gir rom for at vi kan g\u00e5 nye veier slik at vi kan tenkte nytt, helhetlig, og kanskje ogs\u00e5 skape presedens og stille som forbilde for andre urfolksmuseer.<\/p>\n<h3>Museumsmeldingen, les her:<\/h3>\n<p>Mld.st 23 (2020-2021) <a href=\"https:\/\/www.regjeringen.no\/no\/dokumenter\/meld.-st.-23-20202021\/id2840027\/\">&#8220;<span style=\"text-align: left; color: #333333; text-transform: none; line-height: 28px; text-indent: 0px; letter-spacing: normal; font-family: 'Open Sans',sans-serif; font-size: 18px; font-style: normal; font-variant: normal; text-decoration: none; word-spacing: 0px; display: inline !important; white-space: normal; orphans: 2; float: none; -ms-text-size-adjust: none; -webkit-text-stroke-width: 0px; background-color: #ffffff;\">Musea i samfunnet \u2014 Tillit, ting og tid&#8221;<\/span><\/a><\/p>\n<p>&nbsp;<\/p>\n<figure id=\"attachment_9097\" class=\"thumbnail wp-caption alignleft\" style=\"max-width: 296px;\">\n    <img loading=\"lazy\" decoding=\"async\" class=\"size-medium wp-image-9097\" src=\"https:\/\/rdm.no\/wp-content\/uploads\/2021\/03\/IMG_1178-296x300.jpg\" alt=\"To kvinner viser en bl\u00e5 bok foran De Samiske Samlinger i Karasjok\" width=\"296\" height=\"300\" srcset=\"https:\/\/rdm.no\/wp-content\/uploads\/2021\/03\/IMG_1178-296x300.jpg 296w, https:\/\/rdm.no\/wp-content\/uploads\/2021\/03\/IMG_1178-1010x1024.jpg 1010w, https:\/\/rdm.no\/wp-content\/uploads\/2021\/03\/IMG_1178-768x779.jpg 768w, https:\/\/rdm.no\/wp-content\/uploads\/2021\/03\/IMG_1178-1515x1536.jpg 1515w, https:\/\/rdm.no\/wp-content\/uploads\/2021\/03\/IMG_1178-2020x2048.jpg 2020w\" sizes=\"auto, (max-width: 296px) 100vw, 296px\" \/>    <figcaption class=\"caption wp-caption-text\">Trine Noodt og Jelena Porsanger<\/figcaption>\n<\/figure>\n<p>&nbsp;<\/p>\n<p>En gave til Trine Noodt: en ny bok &#8220;biegga s\u00e1vkala &#8211; vinden hvisker&#8221; om Synn\u00f8ve Persens kunst. Boka er st\u00f8ttet av RiddoDuottarMuseat, Sametinget og Porsanger kommune.<\/p>\n<p>TV Nyheter &#8211; NRK S\u00e1pmi TV O\u0111\u0111asat fra 26.03.2021 &#8220;Kunstmuseum f\u00e5r prioritet&#8221;: se <a href=\"https:\/\/tv.nrk.no\/serie\/oddasat-tv\/202103\/SANY70032621\/avspiller\">her<\/a><\/p>\n<p>&nbsp;<\/p>\n","protected":false},"excerpt":{"rendered":"<p>I dag la Kulturdepartementet fram en ny museumsmelding for Stortinget. Vi p\u00e5 RiddoDuottarMuseat gleder oss over det at samisk kunstmuseum prioriteres av Regjeringen.<\/p>\n","protected":false},"author":3,"featured_media":9093,"comment_status":"closed","ping_status":"closed","sticky":false,"template":"","format":"standard","meta":{"_acf_changed":false,"footnotes":""},"categories":[26],"tags":[],"class_list":["post-9115","post","type-post","status-publish","format-standard","has-post-thumbnail","hentry","category-uncategorized-se"],"acf":[],"_links":{"self":[{"href":"https:\/\/rdm.no\/se\/wp-json\/wp\/v2\/posts\/9115","targetHints":{"allow":["GET"]}}],"collection":[{"href":"https:\/\/rdm.no\/se\/wp-json\/wp\/v2\/posts"}],"about":[{"href":"https:\/\/rdm.no\/se\/wp-json\/wp\/v2\/types\/post"}],"author":[{"embeddable":true,"href":"https:\/\/rdm.no\/se\/wp-json\/wp\/v2\/users\/3"}],"replies":[{"embeddable":true,"href":"https:\/\/rdm.no\/se\/wp-json\/wp\/v2\/comments?post=9115"}],"version-history":[{"count":0,"href":"https:\/\/rdm.no\/se\/wp-json\/wp\/v2\/posts\/9115\/revisions"}],"wp:featuredmedia":[{"embeddable":true,"href":"https:\/\/rdm.no\/se\/wp-json\/wp\/v2\/media\/9093"}],"wp:attachment":[{"href":"https:\/\/rdm.no\/se\/wp-json\/wp\/v2\/media?parent=9115"}],"wp:term":[{"taxonomy":"category","embeddable":true,"href":"https:\/\/rdm.no\/se\/wp-json\/wp\/v2\/categories?post=9115"},{"taxonomy":"post_tag","embeddable":true,"href":"https:\/\/rdm.no\/se\/wp-json\/wp\/v2\/tags?post=9115"}],"curies":[{"name":"wp","href":"https:\/\/api.w.org\/{rel}","templated":true}]}}