{"id":7361,"date":"2020-06-22T09:53:20","date_gmt":"2020-06-22T07:53:20","guid":{"rendered":"\/?p=7361"},"modified":"2023-01-31T14:08:42","modified_gmt":"2023-01-31T13:08:42","slug":"rdm-moter-kulturminister-abid-raja-sammen-med-nnkm-og-oca","status":"publish","type":"post","link":"\/se\/rdm-moter-kulturminister-abid-raja-sammen-med-nnkm-og-oca\/","title":{"rendered":"RDM m\u00f8ter Kulturminister Abid Raja sammen med NNKM og OCA"},"content":{"rendered":"<p>Selve overleveringen og presentasjonene fra institusjonene og Kulturministeren kan du f\u00f8lge her:\u00a0https:\/\/vimeo.com\/430366785<\/p>\n<p>Nordomr\u00e5dene er Norges viktigste strategiske ansvarsomr\u00e5de og regjeringen \u00f8nsker \u00e5 opprettholde Arktis som en fredelig og stabil region, samtidig som det er et m\u00e5l \u00e5 utvikle Nord-Norge til en av landets mest skapende og b\u00e6rekraftige regioner. Regjeringen legger til h\u00f8sten frem en ny stortingsmelding om Nordomr\u00e5dene hvor hovedvekten skal v\u00e6re p\u00e5 samfunnsutviklingen i nord, n\u00e6ringsliv og kompetanse, infrastruktur, klima og milj\u00f8, samt sikkerhet og beredskap. Urfolk og samiske sp\u00f8rsm\u00e5l har ogs\u00e5, if\u00f8lge regjeringen, en selvf\u00f8lgelig plass i meldingen.<\/p>\n<p>Arktis og de norske nordomr\u00e5dene st\u00e5r sentralt i viktige diskusjoner om fremtidens scenarier. N\u00e5r vi kjenner kraften og ressursene som gjemmer seg i isen, hvordan global oppvarming skaper nye utfordringer for alt fra fortidsminner som ikke lenger ligger trygt i t\u00f8rr is, til nye kommunikasjonsruter via nord\u00f8stpassasjen, nordomr\u00e5dene som forskingsfelt og lyttestasjon for global utvikling, og de store \u00f8konomiske og samfunnsmessige utfordringene \u2013 forst\u00e5r vi at vi trenger innovative tiln\u00e6rminger, menneskelig kreativitet, lokal kunnskap og forankring, og mot \u2013 for \u00e5 im\u00f8tese, bearbeide og utvikle alt fra landbesittelse, makt og ressurser: Vi trenger med andre ord fokus p\u00e5 kunsten og kulturen inn i meldingen som har hovedvekt p\u00e5 samfunnsutvikling i nord.<\/p>\n<p>Kunsten og kulturen f\u00e5r sin verdi gjennom enkeltmenneskers liv og samfunnet, n\u00e5r den gjenkjennes og gjenkjenner samfunnet rundt oss, i v\u00e5r tillit, v\u00e5r mistillit, v\u00e5r tro, v\u00e5r kraft og v\u00e5re scenarioer for fremtiden. Winston Churchill, den britiske statsministeren under andre verdenskrig, blir ofte referert p\u00e5 at han n\u00e5r stilt ovenfor kutt i kulturbudsjettet for \u00e5 finansiere krigsinnsatsen, uttalte \u00abHva har vi da \u00e5 kjempe for?\u00bb. Og det er (uansett sannhetsgehalt) et meget godt og relevant sp\u00f8rsm\u00e5l.<\/p>\n<p>Ursula K. Le Guin sier det slik: \u00abWe need to relearn our way of being in the world. Renew our awareness of belonging to the world, how do we go about it?\u201d<\/p>\n<p>Ett svar m\u00e5 v\u00e6re at vi tar med oss kunst og kultur n\u00e5r vi skal lage strategier for videreutvikling av et strategis viktig omr\u00e5de som Nordomr\u00e5det. Her m\u00e5 vi utfordre naturlige og nasjonale strukturer, utnytte og ivareta naturressurser i det spennet som ligger her politisk og n\u00e6ringsmessig, og utvikle og posisjonere den nordligste verdensdel i et klimaendringsperspektiv. Et sentralt sp\u00f8rsm\u00e5l er hvordan de fellesskap og de estetiske begreper utforsket i det 19. og 20. \u00e5rhundre, av kunstnere, intellektuelle og hos urbefolkningene skal kaste lys p\u00e5 debatten og de erfaringene vi n\u00e5 gj\u00f8r oss. Fra store nasjonale institusjoner til lokale og regionale akt\u00f8rer, frivillige og enkeltmenneskene, b\u00e6rere og utviklere av kunst- og kulturliv.<\/p>\n<p>RDM kontakt;<\/p>\n<p>Styreleder Johan Vasara tlf. 93099520<\/p>\n","protected":false},"excerpt":{"rendered":"<p>Nordnorsk kunstmuseum (NNKM), Office of Contemporary Art Norway (OCA), RiddoDuottarMuseat (RDM) og Svalbard Museum leverer den 25.6.2020 kl 14.00 til 14.35 innspill til regjeringen ved Kulturminister Abid Raja om at kunst og kultur som drivere for samfunnsutvikling, innovasjon og skaperkraft f\u00e5r en styrket posisjon i den nye Nordomr\u00e5demeldingen.<\/p>\n","protected":false},"author":7,"featured_media":0,"comment_status":"closed","ping_status":"closed","sticky":false,"template":"","format":"standard","meta":{"_acf_changed":false,"footnotes":""},"categories":[26],"tags":[],"class_list":["post-7361","post","type-post","status-publish","format-standard","hentry","category-uncategorized-se"],"acf":[],"_links":{"self":[{"href":"https:\/\/rdm.no\/se\/wp-json\/wp\/v2\/posts\/7361","targetHints":{"allow":["GET"]}}],"collection":[{"href":"https:\/\/rdm.no\/se\/wp-json\/wp\/v2\/posts"}],"about":[{"href":"https:\/\/rdm.no\/se\/wp-json\/wp\/v2\/types\/post"}],"author":[{"embeddable":true,"href":"https:\/\/rdm.no\/se\/wp-json\/wp\/v2\/users\/7"}],"replies":[{"embeddable":true,"href":"https:\/\/rdm.no\/se\/wp-json\/wp\/v2\/comments?post=7361"}],"version-history":[{"count":0,"href":"https:\/\/rdm.no\/se\/wp-json\/wp\/v2\/posts\/7361\/revisions"}],"wp:attachment":[{"href":"https:\/\/rdm.no\/se\/wp-json\/wp\/v2\/media?parent=7361"}],"wp:term":[{"taxonomy":"category","embeddable":true,"href":"https:\/\/rdm.no\/se\/wp-json\/wp\/v2\/categories?post=7361"},{"taxonomy":"post_tag","embeddable":true,"href":"https:\/\/rdm.no\/se\/wp-json\/wp\/v2\/tags?post=7361"}],"curies":[{"name":"wp","href":"https:\/\/api.w.org\/{rel}","templated":true}]}}