{"id":11595,"date":"2023-02-20T12:08:24","date_gmt":"2023-02-20T11:08:24","guid":{"rendered":"\/?p=11595"},"modified":"2023-02-20T12:08:24","modified_gmt":"2023-02-20T11:08:24","slug":"sametingets-kunstinnkjop-og-ervervelser-2020-2022","status":"publish","type":"post","link":"\/no\/sametingets-kunstinnkjop-og-ervervelser-2020-2022\/","title":{"rendered":"SAMETINGETS KUNSTINNKJ\u00d8P OG ERVERVELSER 2020-2022"},"content":{"rendered":"<p>Sametingets kunstinnkj\u00f8p og ervervelser 2020-2022 presenterer innkj\u00f8p og ervervelser av Sametingets innkj\u00f8pskomit\u00e9 for perioden 2020-2022. Utstillingen inneholder kunstverk p\u00e5 stedet samt kunstverk representert digitalt. Samisk Senter for Samtidskunst ble valgt som arena for denne viktige begivenhet. M\u00e5let er \u00e5 vise fram det kreative landskapet fra de siste \u00e5rene med kunstnerisk produksjon av samiske kunstnere, samt \u00e5 sette lyset p\u00e5 historisk viktige kunstverk fra kunstnere som arbeider i S\u00e1pmi. Gr\u00f8nland er representert med \u00e9n kunstner. Utstillingen arrangeres i samarbeid med RiddoDuottarMuseat og Sametingets innkj\u00f8pskomit\u00e9.<\/p>\n<p>Kunstverkene er kj\u00f8pt inn fra utstillinger i kunstgallerier i Norden, samt enkelte samiske kunstnere fra Norge, Sverige og Finland. Innkj\u00f8pskonsulenter for 2020\u20132022 var Eva Aira og Geir Tore Holm.<\/p>\n<p>Utstillingen skildrer mangfoldet av fortellinger av ulike generasjoner av samiske kunstnere samlet i en estetisk og kulturell dialog ved Samisk Senter for Samtidskunst. Utstillingen gir en rik opplevelse for den bes\u00f8kende grunnet mangfoldet av materialiteter representert gjennom duodji, samt media som blant annet maleri, trykk, fotografi, installasjon og video. Den bes\u00f8kende inviteres inn p\u00e5 reisen gjennom multimodalitet av visuell historiefortelling, uttrykk og tid, alt som understreker rikdommen til urfolks samisk kunst og kultur.<\/p>\n<p><strong>Kunstnere som er representert er:<\/strong><\/p>\n<p>Ingunn Utsi, Joar Nango, Synn\u00f8ve Persen, Lena Viltok, Ragna Misv\u00e6r Gr\u00f8nstad, Hans Ragnar Mathisen, Katarina Spik Skum, Victoria Andersson, Lena Stenberg, Hilde Skancke Pedersen, Iver J\u00e5ks, Stein Erik Wouthi, Biret Pieski, G\u00e1ddj\u00e1 Haarla Pieski, Outi Pieski, Rose-Marie Huuva, Laila Brandsfjell, Arvid Sveen, Per Isak Juuso, Gjert Rognli, Inger Blix Kvammen, Trond Ansten, Aslaug Juliussen, Marita Isobel Solberg, Marte Lill Somby, Agneta Andersson, Grete Andrea Kvaal, Olof Marsja, Bergh Sissel Mutale, Jukke Rosing, Kristin T\u00e5rnesvik, Aage Gaup, Gunvor Guttorm, Nils-Aslak Valkeap\u00e4\u00e4 \/\u00c1illoha\u0161, Susanne H\u00e6tta, Anniina Turunen, Hans Pieski, Niilas Helander, M\u00e1ret \u00c1nne Sara, Mary Ailonieida Somb\u00e1n Mari, Xan Krohn, Per Adde, Carola Grahn, Silje Figenschou Thoresen, Lada Suomenrinne, Pauliina Feodoroff, Anders Sunna and Liselotte Wajstedt, Annelise Josefsen, Tomas Colbengtson, Katarina Pirak Sikku, og Matti Aikio.<\/p>\n<p><strong>Program for \u00e5pningen til utstillingen 25\/02\/2023 14:00:<\/strong><\/p>\n<p>Velkomstord ved Marija Griniuk, direkt\u00f8r for Samisk senter for samtidskunst<\/p>\n<p>Presentasjon av utstillingskonseptet ved Geir Tore Holm<\/p>\n<p>Kunstnerisk innslag ved Synn\u00f8ve Persen<\/p>\n<p>\u00c5pningstale ved Sametingspresident Silje Karine Muotka<\/p>\n","protected":false},"excerpt":{"rendered":"<p>Utstillings\u00e5pning 25.2. kl 14 p\u00e5 Samisk senter for samtidskunst, Karasjok<\/p>\n","protected":false},"author":7,"featured_media":11597,"comment_status":"closed","ping_status":"closed","sticky":false,"template":"","format":"standard","meta":{"_acf_changed":false,"footnotes":""},"categories":[3],"tags":[],"class_list":["post-11595","post","type-post","status-publish","format-standard","has-post-thumbnail","hentry","category-nyheter"],"acf":[],"_links":{"self":[{"href":"https:\/\/rdm.no\/no\/wp-json\/wp\/v2\/posts\/11595","targetHints":{"allow":["GET"]}}],"collection":[{"href":"https:\/\/rdm.no\/no\/wp-json\/wp\/v2\/posts"}],"about":[{"href":"https:\/\/rdm.no\/no\/wp-json\/wp\/v2\/types\/post"}],"author":[{"embeddable":true,"href":"https:\/\/rdm.no\/no\/wp-json\/wp\/v2\/users\/7"}],"replies":[{"embeddable":true,"href":"https:\/\/rdm.no\/no\/wp-json\/wp\/v2\/comments?post=11595"}],"version-history":[{"count":0,"href":"https:\/\/rdm.no\/no\/wp-json\/wp\/v2\/posts\/11595\/revisions"}],"wp:featuredmedia":[{"embeddable":true,"href":"https:\/\/rdm.no\/no\/wp-json\/wp\/v2\/media\/11597"}],"wp:attachment":[{"href":"https:\/\/rdm.no\/no\/wp-json\/wp\/v2\/media?parent=11595"}],"wp:term":[{"taxonomy":"category","embeddable":true,"href":"https:\/\/rdm.no\/no\/wp-json\/wp\/v2\/categories?post=11595"},{"taxonomy":"post_tag","embeddable":true,"href":"https:\/\/rdm.no\/no\/wp-json\/wp\/v2\/tags?post=11595"}],"curies":[{"name":"wp","href":"https:\/\/api.w.org\/{rel}","templated":true}]}}