{"id":12410,"date":"2024-03-12T15:20:58","date_gmt":"2024-03-12T14:20:58","guid":{"rendered":"\/ny-utstilling-med-blikk-for-det-samiske\/"},"modified":"2024-03-25T14:24:06","modified_gmt":"2024-03-25T13:24:06","slug":"ny-utstilling-med-blikk-for-det-samiske","status":"publish","type":"post","link":"\/en\/ny-utstilling-med-blikk-for-det-samiske\/","title":{"rendered":"A new exhibition: With an Eye for the S\u00e1mi"},"content":{"rendered":"<h3>This exhibition is based on the Frenchman Alan Borvo\u2019s impressive collection of several thousand postcards with informative texts and sketches. The collection came into being over several years, when Borvo, as a young student, visited S\u00e1mi communities in Finnmark in the 1950s.<\/h3>\n<p>&nbsp;<\/p>\n<h2>Exhibition period: 21.03 \u2013 30.12.2024.<\/h2>\n<p>&nbsp;<\/p>\n<p class=\"has-sizing-medium\" style=\"background: white;\"><span style=\"font-size: 15.0pt; font-family: 'Open Sans',sans-serif; color: #282828;\">The postcard collection consists of 21 folders organized according to thematic and geographical categories.<\/span><\/p>\n<p class=\"has-sizing-medium\" style=\"background: white;\"><span style=\"font-size: 15.0pt; font-family: 'Open Sans',sans-serif; color: #282828;\">In the exhibition <em>With an eye for the S\u00e1mi<\/em>, you can see postcards from the first decade after this visual medium was introduced in the 1800s, collotypes with watercolour glazes applied by hand, pictures made by professional photographers and recognized artists, as well as often-imaginative contributions from amateurs. <\/span><\/p>\n<p class=\"has-sizing-medium\" style=\"background: white;\"><span style=\"font-size: 15.0pt; font-family: 'Open Sans',sans-serif; color: #282828;\">A boom in tourism in the early 1900s spurred the mass-production of photographic postcards. As a travel destination, the exotic North was shrouded in romantic notions about Europe\u2019s last wilderness \u2013 a place where people still lived in harmony with everything in the Creation. Exaggerations and stereotypes characterize the earliest postcards. Geographical and cultural distance made an impact, as so did political and ideological conditions.<\/span><\/p>\n<p class=\"has-sizing-medium\" style=\"background: white;\"><span style=\"font-size: 15.0pt; font-family: 'Open Sans',sans-serif; color: #282828;\">Alan Borvo\u2019s visits in the North and his genuine interest in S\u00e1mi culture resulted in a large private collection of objects and children\u2019s drawings as well, that have been exhibited several places in Europe. His collection of S\u00e1mi children&#8217;s drawings was donated to S\u00e1mi allaskuvla \u2013 S\u00e1mi University of Applied Sciences in 2015. Stories about this collection are published in Alan Borvo&#8217;s book <em>Fra lapper til samer<\/em> (From Lapps to the S\u00e1mi) in Norwegian and S\u00e1mi. The book is displayed in the exhibition and is for sale in the museum shop.<\/span><\/p>\n<p class=\"has-sizing-medium\" style=\"background: white;\"><span style=\"font-size: 15.0pt; font-family: 'Open Sans',sans-serif; color: #282828;\">The exhibition <em>With an eye for the S\u00e1mi<\/em> was originally created by <a href=\"https:\/\/perspektivet.no\/\">Perspektivet Museum<\/a>, with support from the S\u00e1mi Parliament. The exhibition was on display in Troms\u00f8 in the period 09.12.2017 \u2013 24.04.2018.<\/span><\/p>\n<p class=\"has-sizing-medium\" style=\"background: white;\"><span style=\"font-size: 15.0pt; font-family: 'Open Sans',sans-serif; color: #282828;\">The exhibition at RDM \u2013 The S\u00e1mi Museum in Karasjok is produced in collaboration with Perspektivet Museum. Thanks to our partners in the project <a href=\"https:\/\/www.uniarts.fi\/en\/projects\/taking-back-the-museum-opening-the-space-of-community-museums-to-recover-the-art-of-indigenous-people\/\"><em>Taking back the museum <\/em><\/a>(funded by Kone Foundation &amp; Uniarts Helsinki &#8211; The University of the Arts),\u00a0<\/span><span style=\"color: #282828; font-family: 'Open Sans', sans-serif; font-size: 20px;\">Hanna Guttorm and <\/span><span style=\"color: #282828; font-family: 'Open Sans', sans-serif; font-size: 15pt;\">Lea Kantonen for their work with the exhibition design.<\/span><\/p>\n<p class=\"has-sizing-medium\" style=\"background: white;\"><span style=\"font-size: 15.0pt; font-family: 'Open Sans',sans-serif; color: #282828;\">The exhibition opening is at S\u00e1miid Vuork\u00e1-D\u00e1vvirat on 21 March 21, at 6 p.m. The museum is open in Easter: see <a href=\"https:\/\/rdm.no\/en\/de_samiske_samlinger-2\/\">the opening hours<\/a>.<\/span><\/p>\n<p>&nbsp;<\/p>\n<p>&nbsp;<\/p>\n","protected":false},"excerpt":{"rendered":"<p>Alan Borvo\u00b4s Postcard Collection. Exhibition period: 21.03 \u2013 30.12.2024.\u00a0<\/p>\n","protected":false},"author":3,"featured_media":12387,"comment_status":"closed","ping_status":"closed","sticky":false,"template":"","format":"standard","meta":{"_acf_changed":false,"footnotes":""},"categories":[33,44,11],"tags":[],"class_list":["post-12410","post","type-post","status-publish","format-standard","has-post-thumbnail","hentry","category-news","category-news-svd","category-uncategorized"],"acf":[],"_links":{"self":[{"href":"https:\/\/rdm.no\/en\/wp-json\/wp\/v2\/posts\/12410","targetHints":{"allow":["GET"]}}],"collection":[{"href":"https:\/\/rdm.no\/en\/wp-json\/wp\/v2\/posts"}],"about":[{"href":"https:\/\/rdm.no\/en\/wp-json\/wp\/v2\/types\/post"}],"author":[{"embeddable":true,"href":"https:\/\/rdm.no\/en\/wp-json\/wp\/v2\/users\/3"}],"replies":[{"embeddable":true,"href":"https:\/\/rdm.no\/en\/wp-json\/wp\/v2\/comments?post=12410"}],"version-history":[{"count":0,"href":"https:\/\/rdm.no\/en\/wp-json\/wp\/v2\/posts\/12410\/revisions"}],"wp:featuredmedia":[{"embeddable":true,"href":"https:\/\/rdm.no\/en\/wp-json\/wp\/v2\/media\/12387"}],"wp:attachment":[{"href":"https:\/\/rdm.no\/en\/wp-json\/wp\/v2\/media?parent=12410"}],"wp:term":[{"taxonomy":"category","embeddable":true,"href":"https:\/\/rdm.no\/en\/wp-json\/wp\/v2\/categories?post=12410"},{"taxonomy":"post_tag","embeddable":true,"href":"https:\/\/rdm.no\/en\/wp-json\/wp\/v2\/tags?post=12410"}],"curies":[{"name":"wp","href":"https:\/\/api.w.org\/{rel}","templated":true}]}}